{"id":544,"date":"2021-12-13T10:52:56","date_gmt":"2021-12-13T09:52:56","guid":{"rendered":"http:\/\/dev.benbenben.fr\/celie2023\/?p=544"},"modified":"2021-12-14T17:03:44","modified_gmt":"2021-12-14T16:03:44","slug":"prendre-un-conge-maternite-quand-on-est-installe-a-son-compte","status":"publish","type":"post","link":"https:\/\/dev.benbenben.fr\/celie2023\/2021\/12\/13\/prendre-un-conge-maternite-quand-on-est-installe-a-son-compte\/","title":{"rendered":"Prendre un cong\u00e9 maternit\u00e9 quand on est install\u00e9 \u00e0 son compte&#8230;"},"content":{"rendered":"\n<div class=\"wp-block-image is-style-rounded\"><figure class=\"aligncenter size-full\"><img loading=\"lazy\" decoding=\"async\" width=\"400\" height=\"400\" src=\"http:\/\/dev.benbenben.fr\/celie2023\/wp-content\/uploads\/2021\/12\/affiche-souvenir-de-grossesse-a4-personnalisable-1.jpg\" alt=\"\" class=\"wp-image-547\" srcset=\"https:\/\/dev.benbenben.fr\/celie2023\/wp-content\/uploads\/2021\/12\/affiche-souvenir-de-grossesse-a4-personnalisable-1.jpg 400w, https:\/\/dev.benbenben.fr\/celie2023\/wp-content\/uploads\/2021\/12\/affiche-souvenir-de-grossesse-a4-personnalisable-1-300x300.jpg 300w, https:\/\/dev.benbenben.fr\/celie2023\/wp-content\/uploads\/2021\/12\/affiche-souvenir-de-grossesse-a4-personnalisable-1-150x150.jpg 150w\" sizes=\"auto, (max-width: 400px) 100vw, 400px\" \/><\/figure><\/div>\n\n\n\n<p class=\"has-text-align-left\">Voici d\u00e9j\u00e0 quelques mois que j&rsquo;ai appris la douce nouvelle d&rsquo;attendre mon deuxi\u00e8me enfant. <br>Un nouveau chamboulement car chaque grossesse, chaque naissance est diff\u00e9rente.<\/p>\n\n\n\n<p>Je m&rsquo;\u00e9tais donn\u00e9 plusieurs bonnes r\u00e9solutions pour vivre pleinement cette grossesse et l&rsquo;accueil des premiers mois, notamment prendre davantage de temps pour moi, me reposer, \u00eatre vraiment \u00e0 l&rsquo;\u00e9coute, me faire passer en premier&#8230; Je crois qu&rsquo;on se le dit toutes plus ou moins&#8230;<\/p>\n\n\n\n<p>Et puis voil\u00e0, mi d\u00e9cembre, je suis \u00e0 7 mois de grossesse et m\u00eame si les derniers jours m&rsquo;ont permis de bien me reposer en journ\u00e9e (cong\u00e9 maternit\u00e9 enfin l\u00e0), les mois ont d\u00e9fil\u00e9, le temps est pass\u00e9 vite, si vite et&#8230; J&rsquo;ai continu\u00e9 \u00e0 travailler, \u00e0 m&rsquo;investir, \u00e0 donner du temps, \u00e0 \u00e9crire des projets, \u00e0 avoir 1000 id\u00e9es en t\u00eate pour ma reprise, \u00e0 accumuler la fatigue \u00e0 force de s\u00e9ances et d&rsquo;interventions o\u00f9 je ne pouvais pas faire les choses \u00ab\u00a0\u00e0 moiti\u00e9\u00a0\u00bb.<br><br>Lorsque l&rsquo;on est salari\u00e9, j&rsquo;ai la sensation qu&rsquo;il est plus facile de s&rsquo;arr\u00eater. Le jour arrive, on cl\u00f4ture les dossiers, on s&rsquo;en va, et on a une date de reprise en t\u00eate.<\/p>\n\n\n\n<p>Mais lorsque l&rsquo;on est \u00e0 son compte, et plusieurs personnes ont pu en t\u00e9moigner, c&rsquo;est plus difficile de se dire \u00ab\u00a0je ne consulte pas mes e-mails pendant 4 mois au moins\u00a0\u00bb, de se fixer une date claire de reprise, de se couper compl\u00e8tement de son travail. Et pour moi c&rsquo;est clairement mission impossible! Car mon travail en est un sans en \u00eatre un&#8230; Je suis passionn\u00e9e par ce que je fais&#8230;<br><br><strong><span class=\"has-inline-color has-luminous-vivid-amber-color\">Alors avec un peu de recul voici les r\u00e9flexions qui se sont pos\u00e9es:<\/span><\/strong><br>&#8211; Mettre en place un message de r\u00e9ponse automatique d&rsquo;absence de cong\u00e9 maternit\u00e9 mais s&rsquo;autoriser \u00e0 consulter ses messages une ou deux fois par semaine<br>&#8211; S&rsquo;autoriser \u00e0 r\u00e9pondre aux mails pour d&rsquo;\u00e9ventuelles interventions \u00e0 venir en pr\u00e9cisant que les choses s&rsquo;affineront et s&rsquo;organiseront \u00e0 mon retour<br>&#8211; Ne pas se fixer un date de reprise mais plut\u00f4t une p\u00e9riode assez large et laisser les choses venir (l&rsquo;envie de biberonner encore ou de reprendre tr\u00e8s vite)<br>&#8211; Avoir un carnet pour \u00e9crire les id\u00e9es, les envies, les projets, mais ne pas se jeter tout de suite dans la construction de ci ou \u00e7a&#8230; Laisser mijoter \u00e0 petit feu&#8230;<br>&#8211; Se faire confiance car au bout de 5 ann\u00e9es d&rsquo;activit\u00e9, on s&rsquo;aper\u00e7oit que les choses qui doivent se faire se font et ce qui ne doit pas se faire, ne se fait pas. Tout simplement.<\/p>\n\n\n\n<p>Alors je vous dis \u00e0 bient\u00f4t, au plaisir de partager de nouveaux moments!<\/p>\n\n\n\n<p><strong><span class=\"has-inline-color has-luminous-vivid-amber-color\">Prenez grand soin de vous&nbsp;!&nbsp;<\/span><br>&nbsp;&nbsp;&nbsp;&nbsp;&nbsp;&nbsp;&nbsp;&nbsp;&nbsp;&nbsp;&nbsp;&nbsp;&nbsp;&nbsp;&nbsp;&nbsp;&nbsp;&nbsp;&nbsp;&nbsp;&nbsp;&nbsp;&nbsp;&nbsp;&nbsp;&nbsp;&nbsp;&nbsp;&nbsp;<br><br><\/strong><\/p>\n","protected":false},"excerpt":{"rendered":"<p>Voici d\u00e9j\u00e0 quelques mois que j&rsquo;ai appris la douce nouvelle d&rsquo;attendre mon deuxi\u00e8me enfant. Un nouveau chamboulement car chaque grossesse, chaque naissance est diff\u00e9rente. Je m&rsquo;\u00e9tais donn\u00e9 plusieurs bonnes r\u00e9solutions pour vivre pleinement cette grossesse et l&rsquo;accueil des premiers mois, notamment prendre davantage de temps pour moi, me reposer, \u00eatre vraiment \u00e0 l&rsquo;\u00e9coute, me faire [&hellip;]<\/p>\n","protected":false},"author":2,"featured_media":547,"comment_status":"open","ping_status":"open","sticky":false,"template":"","format":"standard","meta":{"ub_ctt_via":"","footnotes":""},"categories":[1],"tags":[],"class_list":["post-544","post","type-post","status-publish","format-standard","has-post-thumbnail","hentry","category-non-classe"],"acf":[],"featured_image_src":"https:\/\/dev.benbenben.fr\/celie2023\/wp-content\/uploads\/2021\/12\/affiche-souvenir-de-grossesse-a4-personnalisable-1.jpg","author_info":{"display_name":"C\u00e9lie Aug\u00e9","author_link":"https:\/\/dev.benbenben.fr\/celie2023\/author\/celie\/"},"_links":{"self":[{"href":"https:\/\/dev.benbenben.fr\/celie2023\/wp-json\/wp\/v2\/posts\/544","targetHints":{"allow":["GET"]}}],"collection":[{"href":"https:\/\/dev.benbenben.fr\/celie2023\/wp-json\/wp\/v2\/posts"}],"about":[{"href":"https:\/\/dev.benbenben.fr\/celie2023\/wp-json\/wp\/v2\/types\/post"}],"author":[{"embeddable":true,"href":"https:\/\/dev.benbenben.fr\/celie2023\/wp-json\/wp\/v2\/users\/2"}],"replies":[{"embeddable":true,"href":"https:\/\/dev.benbenben.fr\/celie2023\/wp-json\/wp\/v2\/comments?post=544"}],"version-history":[{"count":2,"href":"https:\/\/dev.benbenben.fr\/celie2023\/wp-json\/wp\/v2\/posts\/544\/revisions"}],"predecessor-version":[{"id":548,"href":"https:\/\/dev.benbenben.fr\/celie2023\/wp-json\/wp\/v2\/posts\/544\/revisions\/548"}],"wp:featuredmedia":[{"embeddable":true,"href":"https:\/\/dev.benbenben.fr\/celie2023\/wp-json\/wp\/v2\/media\/547"}],"wp:attachment":[{"href":"https:\/\/dev.benbenben.fr\/celie2023\/wp-json\/wp\/v2\/media?parent=544"}],"wp:term":[{"taxonomy":"category","embeddable":true,"href":"https:\/\/dev.benbenben.fr\/celie2023\/wp-json\/wp\/v2\/categories?post=544"},{"taxonomy":"post_tag","embeddable":true,"href":"https:\/\/dev.benbenben.fr\/celie2023\/wp-json\/wp\/v2\/tags?post=544"}],"curies":[{"name":"wp","href":"https:\/\/api.w.org\/{rel}","templated":true}]}}